{"id":569,"date":"2014-10-24T12:03:45","date_gmt":"2014-10-24T10:03:45","guid":{"rendered":"http:\/\/www.attianeseconserve.com\/it\/?p=569"},"modified":"2023-02-17T13:09:36","modified_gmt":"2023-02-17T13:09:36","slug":"si-e-concluso-il-sial-2014-di-parigi","status":"publish","type":"post","link":"https:\/\/www.attianeseconserve.com\/it\/si-e-concluso-il-sial-2014-di-parigi\/","title":{"rendered":"Si \u00e8 concluso il Sial 2014 di Parigi"},"content":{"rendered":"<p>Si \u00e8 appena chiuso il pi\u00f9 grande mercato innovativo sul cibo.\u00a0Attianese s.p.a \u00e8 fiera di aver partecipato ad uno tra i maggiori eventi mondiali sul tema. Siamo fieri del risultato e siamo felici di rivedervi\u00a0al prossimo appuntamento.<\/p>\n","protected":false},"excerpt":{"rendered":"<p>Si \u00e8 appena chiuso il pi\u00f9 grande mercato innovativo sul cibo.\u00a0Attianese s.p.a \u00e8 fiera di aver partecipato ad uno tra i maggiori eventi mondiali sul tema. Siamo fieri del risultato e siamo felici di rivedervi\u00a0al prossimo appuntamento.<\/p>\n","protected":false},"author":1,"featured_media":1126,"comment_status":"closed","ping_status":"open","sticky":false,"template":"","format":"standard","meta":{"footnotes":""},"categories":[5],"tags":[40,41,42,43],"class_list":["post-569","post","type-post","status-publish","format-standard","has-post-thumbnail","hentry","category-news","tag-attianese-fiere-2014","tag-industri-conserviere-sial","tag-sial","tag-sial-parigi-2014"],"yoast_head":"<!-- This site is optimized with the Yoast SEO plugin v21.2 - https:\/\/yoast.com\/wordpress\/plugins\/seo\/ -->\n<title>Si \u00e8 concluso il Sial 2014 di Parigi - Attianese conserve<\/title>\n<meta name=\"description\" content=\"Attianese Conserve dal 1925: amore per la terra e passione per sapori autentici. Scopri la tradizione culinaria italiana sulla tua tavola!\" \/>\n<meta name=\"robots\" content=\"index, follow, max-snippet:-1, max-image-preview:large, max-video-preview:-1\" \/>\n<link rel=\"canonical\" href=\"https:\/\/www.attianeseconserve.com\/it\/si-e-concluso-il-sial-2014-di-parigi\/\" \/>\n<meta property=\"og:locale\" content=\"it_IT\" \/>\n<meta property=\"og:type\" content=\"article\" \/>\n<meta property=\"og:title\" content=\"Si \u00e8 concluso il Sial 2014 di Parigi - Attianese conserve\" \/>\n<meta property=\"og:description\" content=\"Attianese Conserve dal 1925: amore per la terra e passione per sapori autentici. Scopri la tradizione culinaria italiana sulla tua tavola!\" \/>\n<meta property=\"og:url\" content=\"https:\/\/www.attianeseconserve.com\/it\/si-e-concluso-il-sial-2014-di-parigi\/\" \/>\n<meta property=\"og:site_name\" content=\"Attianese conserve\" \/>\n<meta property=\"article:publisher\" content=\"https:\/\/www.facebook.com\/Attianese-spa-473155196137686\/\" \/>\n<meta property=\"article:published_time\" content=\"2014-10-24T10:03:45+00:00\" \/>\n<meta property=\"article:modified_time\" content=\"2023-02-17T13:09:36+00:00\" \/>\n<meta property=\"og:image\" content=\"https:\/\/www.attianeseconserve.com\/wp-content\/uploads\/2022\/01\/logo2.png\" \/>\n\t<meta property=\"og:image:width\" content=\"294\" \/>\n\t<meta property=\"og:image:height\" content=\"70\" \/>\n\t<meta property=\"og:image:type\" content=\"image\/png\" \/>\n<meta name=\"author\" content=\"rossiwebmedia\" \/>\n<meta name=\"twitter:card\" content=\"summary_large_image\" \/>\n<meta name=\"twitter:label1\" content=\"Scritto da\" \/>\n\t<meta name=\"twitter:data1\" content=\"rossiwebmedia\" \/>\n\t<meta name=\"twitter:label2\" content=\"Tempo di lettura stimato\" \/>\n\t<meta name=\"twitter:data2\" content=\"1 minuto\" \/>\n<script type=\"application\/ld+json\" class=\"yoast-schema-graph\">{\"@context\":\"https:\/\/schema.org\",\"@graph\":[{\"@type\":\"Article\",\"@id\":\"https:\/\/www.attianeseconserve.com\/it\/si-e-concluso-il-sial-2014-di-parigi\/#article\",\"isPartOf\":{\"@id\":\"https:\/\/www.attianeseconserve.com\/it\/si-e-concluso-il-sial-2014-di-parigi\/\"},\"author\":{\"name\":\"rossiwebmedia\",\"@id\":\"https:\/\/www.attianeseconserve.com\/it\/#\/schema\/person\/b32d5d9bbdfa22ab90e5cdce55c7e19f\"},\"headline\":\"Si \u00e8 concluso il Sial 2014 di Parigi\",\"datePublished\":\"2014-10-24T10:03:45+00:00\",\"dateModified\":\"2023-02-17T13:09:36+00:00\",\"mainEntityOfPage\":{\"@id\":\"https:\/\/www.attianeseconserve.com\/it\/si-e-concluso-il-sial-2014-di-parigi\/\"},\"wordCount\":45,\"publisher\":{\"@id\":\"https:\/\/www.attianeseconserve.com\/it\/#organization\"},\"keywords\":[\"attianese fiere 2014\",\"industri conserviere sial\",\"sial\",\"sial parigi 2014\"],\"articleSection\":[\"News\"],\"inLanguage\":\"it-IT\"},{\"@type\":\"WebPage\",\"@id\":\"https:\/\/www.attianeseconserve.com\/it\/si-e-concluso-il-sial-2014-di-parigi\/\",\"url\":\"https:\/\/www.attianeseconserve.com\/it\/si-e-concluso-il-sial-2014-di-parigi\/\",\"name\":\"Si \u00e8 concluso il Sial 2014 di Parigi - Attianese conserve\",\"isPartOf\":{\"@id\":\"https:\/\/www.attianeseconserve.com\/it\/#website\"},\"datePublished\":\"2014-10-24T10:03:45+00:00\",\"dateModified\":\"2023-02-17T13:09:36+00:00\",\"description\":\"Attianese Conserve dal 1925: amore per la terra e passione per sapori autentici. Scopri la tradizione culinaria italiana sulla tua tavola!\",\"breadcrumb\":{\"@id\":\"https:\/\/www.attianeseconserve.com\/it\/si-e-concluso-il-sial-2014-di-parigi\/#breadcrumb\"},\"inLanguage\":\"it-IT\",\"potentialAction\":[{\"@type\":\"ReadAction\",\"target\":[\"https:\/\/www.attianeseconserve.com\/it\/si-e-concluso-il-sial-2014-di-parigi\/\"]}]},{\"@type\":\"BreadcrumbList\",\"@id\":\"https:\/\/www.attianeseconserve.com\/it\/si-e-concluso-il-sial-2014-di-parigi\/#breadcrumb\",\"itemListElement\":[{\"@type\":\"ListItem\",\"position\":1,\"name\":\"Home\",\"item\":\"https:\/\/www.attianeseconserve.com\/it\/\"},{\"@type\":\"ListItem\",\"position\":2,\"name\":\"Si \u00e8 concluso il Sial 2014 di Parigi\"}]},{\"@type\":\"WebSite\",\"@id\":\"https:\/\/www.attianeseconserve.com\/it\/#website\",\"url\":\"https:\/\/www.attianeseconserve.com\/it\/\",\"name\":\"Attianese conserve\",\"description\":\"Food Industry\",\"publisher\":{\"@id\":\"https:\/\/www.attianeseconserve.com\/it\/#organization\"},\"potentialAction\":[{\"@type\":\"SearchAction\",\"target\":{\"@type\":\"EntryPoint\",\"urlTemplate\":\"https:\/\/www.attianeseconserve.com\/it\/?s={search_term_string}\"},\"query-input\":\"required name=search_term_string\"}],\"inLanguage\":\"it-IT\"},{\"@type\":\"Organization\",\"@id\":\"https:\/\/www.attianeseconserve.com\/it\/#organization\",\"name\":\"Attianese Conserve\",\"url\":\"https:\/\/www.attianeseconserve.com\/it\/\",\"logo\":{\"@type\":\"ImageObject\",\"inLanguage\":\"it-IT\",\"@id\":\"https:\/\/www.attianeseconserve.com\/it\/#\/schema\/logo\/image\/\",\"url\":\"https:\/\/www.attianeseconserve.com\/wp-content\/uploads\/2022\/01\/logo2-1.png\",\"contentUrl\":\"https:\/\/www.attianeseconserve.com\/wp-content\/uploads\/2022\/01\/logo2-1.png\",\"width\":294,\"height\":70,\"caption\":\"Attianese Conserve\"},\"image\":{\"@id\":\"https:\/\/www.attianeseconserve.com\/it\/#\/schema\/logo\/image\/\"},\"sameAs\":[\"https:\/\/www.facebook.com\/Attianese-spa-473155196137686\/\",\"https:\/\/it.linkedin.com\/company\/attianese-spa\"]},{\"@type\":\"Person\",\"@id\":\"https:\/\/www.attianeseconserve.com\/it\/#\/schema\/person\/b32d5d9bbdfa22ab90e5cdce55c7e19f\",\"name\":\"rossiwebmedia\",\"image\":{\"@type\":\"ImageObject\",\"inLanguage\":\"it-IT\",\"@id\":\"https:\/\/www.attianeseconserve.com\/it\/#\/schema\/person\/image\/\",\"url\":\"https:\/\/secure.gravatar.com\/avatar\/4aea4611b0177f9025e1671c779dd773d7504ff6ea87c6e1d8a2ec0d02fdae7f?s=96&d=mm&r=g\",\"contentUrl\":\"https:\/\/secure.gravatar.com\/avatar\/4aea4611b0177f9025e1671c779dd773d7504ff6ea87c6e1d8a2ec0d02fdae7f?s=96&d=mm&r=g\",\"caption\":\"rossiwebmedia\"},\"sameAs\":[\"https:\/\/www.attianeseconserve.com\"],\"url\":\"https:\/\/www.attianeseconserve.com\/it\/author\/rossiwebmedia\/\"}]}<\/script>\n<!-- \/ Yoast SEO plugin. -->","yoast_head_json":{"title":"Si \u00e8 concluso il Sial 2014 di Parigi - Attianese conserve","description":"Attianese Conserve dal 1925: amore per la terra e passione per sapori autentici. Scopri la tradizione culinaria italiana sulla tua tavola!","robots":{"index":"index","follow":"follow","max-snippet":"max-snippet:-1","max-image-preview":"max-image-preview:large","max-video-preview":"max-video-preview:-1"},"canonical":"https:\/\/www.attianeseconserve.com\/it\/si-e-concluso-il-sial-2014-di-parigi\/","og_locale":"it_IT","og_type":"article","og_title":"Si \u00e8 concluso il Sial 2014 di Parigi - Attianese conserve","og_description":"Attianese Conserve dal 1925: amore per la terra e passione per sapori autentici. Scopri la tradizione culinaria italiana sulla tua tavola!","og_url":"https:\/\/www.attianeseconserve.com\/it\/si-e-concluso-il-sial-2014-di-parigi\/","og_site_name":"Attianese conserve","article_publisher":"https:\/\/www.facebook.com\/Attianese-spa-473155196137686\/","article_published_time":"2014-10-24T10:03:45+00:00","article_modified_time":"2023-02-17T13:09:36+00:00","og_image":[{"width":294,"height":70,"url":"https:\/\/www.attianeseconserve.com\/wp-content\/uploads\/2022\/01\/logo2.png","type":"image\/png"}],"author":"rossiwebmedia","twitter_card":"summary_large_image","twitter_misc":{"Scritto da":"rossiwebmedia","Tempo di lettura stimato":"1 minuto"},"schema":{"@context":"https:\/\/schema.org","@graph":[{"@type":"Article","@id":"https:\/\/www.attianeseconserve.com\/it\/si-e-concluso-il-sial-2014-di-parigi\/#article","isPartOf":{"@id":"https:\/\/www.attianeseconserve.com\/it\/si-e-concluso-il-sial-2014-di-parigi\/"},"author":{"name":"rossiwebmedia","@id":"https:\/\/www.attianeseconserve.com\/it\/#\/schema\/person\/b32d5d9bbdfa22ab90e5cdce55c7e19f"},"headline":"Si \u00e8 concluso il Sial 2014 di Parigi","datePublished":"2014-10-24T10:03:45+00:00","dateModified":"2023-02-17T13:09:36+00:00","mainEntityOfPage":{"@id":"https:\/\/www.attianeseconserve.com\/it\/si-e-concluso-il-sial-2014-di-parigi\/"},"wordCount":45,"publisher":{"@id":"https:\/\/www.attianeseconserve.com\/it\/#organization"},"keywords":["attianese fiere 2014","industri conserviere sial","sial","sial parigi 2014"],"articleSection":["News"],"inLanguage":"it-IT"},{"@type":"WebPage","@id":"https:\/\/www.attianeseconserve.com\/it\/si-e-concluso-il-sial-2014-di-parigi\/","url":"https:\/\/www.attianeseconserve.com\/it\/si-e-concluso-il-sial-2014-di-parigi\/","name":"Si \u00e8 concluso il Sial 2014 di Parigi - Attianese conserve","isPartOf":{"@id":"https:\/\/www.attianeseconserve.com\/it\/#website"},"datePublished":"2014-10-24T10:03:45+00:00","dateModified":"2023-02-17T13:09:36+00:00","description":"Attianese Conserve dal 1925: amore per la terra e passione per sapori autentici. Scopri la tradizione culinaria italiana sulla tua tavola!","breadcrumb":{"@id":"https:\/\/www.attianeseconserve.com\/it\/si-e-concluso-il-sial-2014-di-parigi\/#breadcrumb"},"inLanguage":"it-IT","potentialAction":[{"@type":"ReadAction","target":["https:\/\/www.attianeseconserve.com\/it\/si-e-concluso-il-sial-2014-di-parigi\/"]}]},{"@type":"BreadcrumbList","@id":"https:\/\/www.attianeseconserve.com\/it\/si-e-concluso-il-sial-2014-di-parigi\/#breadcrumb","itemListElement":[{"@type":"ListItem","position":1,"name":"Home","item":"https:\/\/www.attianeseconserve.com\/it\/"},{"@type":"ListItem","position":2,"name":"Si \u00e8 concluso il Sial 2014 di Parigi"}]},{"@type":"WebSite","@id":"https:\/\/www.attianeseconserve.com\/it\/#website","url":"https:\/\/www.attianeseconserve.com\/it\/","name":"Attianese conserve","description":"Food Industry","publisher":{"@id":"https:\/\/www.attianeseconserve.com\/it\/#organization"},"potentialAction":[{"@type":"SearchAction","target":{"@type":"EntryPoint","urlTemplate":"https:\/\/www.attianeseconserve.com\/it\/?s={search_term_string}"},"query-input":"required name=search_term_string"}],"inLanguage":"it-IT"},{"@type":"Organization","@id":"https:\/\/www.attianeseconserve.com\/it\/#organization","name":"Attianese Conserve","url":"https:\/\/www.attianeseconserve.com\/it\/","logo":{"@type":"ImageObject","inLanguage":"it-IT","@id":"https:\/\/www.attianeseconserve.com\/it\/#\/schema\/logo\/image\/","url":"https:\/\/www.attianeseconserve.com\/wp-content\/uploads\/2022\/01\/logo2-1.png","contentUrl":"https:\/\/www.attianeseconserve.com\/wp-content\/uploads\/2022\/01\/logo2-1.png","width":294,"height":70,"caption":"Attianese Conserve"},"image":{"@id":"https:\/\/www.attianeseconserve.com\/it\/#\/schema\/logo\/image\/"},"sameAs":["https:\/\/www.facebook.com\/Attianese-spa-473155196137686\/","https:\/\/it.linkedin.com\/company\/attianese-spa"]},{"@type":"Person","@id":"https:\/\/www.attianeseconserve.com\/it\/#\/schema\/person\/b32d5d9bbdfa22ab90e5cdce55c7e19f","name":"rossiwebmedia","image":{"@type":"ImageObject","inLanguage":"it-IT","@id":"https:\/\/www.attianeseconserve.com\/it\/#\/schema\/person\/image\/","url":"https:\/\/secure.gravatar.com\/avatar\/4aea4611b0177f9025e1671c779dd773d7504ff6ea87c6e1d8a2ec0d02fdae7f?s=96&d=mm&r=g","contentUrl":"https:\/\/secure.gravatar.com\/avatar\/4aea4611b0177f9025e1671c779dd773d7504ff6ea87c6e1d8a2ec0d02fdae7f?s=96&d=mm&r=g","caption":"rossiwebmedia"},"sameAs":["https:\/\/www.attianeseconserve.com"],"url":"https:\/\/www.attianeseconserve.com\/it\/author\/rossiwebmedia\/"}]}},"_links":{"self":[{"href":"https:\/\/www.attianeseconserve.com\/it\/wp-json\/wp\/v2\/posts\/569","targetHints":{"allow":["GET"]}}],"collection":[{"href":"https:\/\/www.attianeseconserve.com\/it\/wp-json\/wp\/v2\/posts"}],"about":[{"href":"https:\/\/www.attianeseconserve.com\/it\/wp-json\/wp\/v2\/types\/post"}],"author":[{"embeddable":true,"href":"https:\/\/www.attianeseconserve.com\/it\/wp-json\/wp\/v2\/users\/1"}],"replies":[{"embeddable":true,"href":"https:\/\/www.attianeseconserve.com\/it\/wp-json\/wp\/v2\/comments?post=569"}],"version-history":[{"count":1,"href":"https:\/\/www.attianeseconserve.com\/it\/wp-json\/wp\/v2\/posts\/569\/revisions"}],"predecessor-version":[{"id":2148,"href":"https:\/\/www.attianeseconserve.com\/it\/wp-json\/wp\/v2\/posts\/569\/revisions\/2148"}],"wp:featuredmedia":[{"embeddable":true,"href":"https:\/\/www.attianeseconserve.com\/it\/wp-json\/wp\/v2\/media\/1126"}],"wp:attachment":[{"href":"https:\/\/www.attianeseconserve.com\/it\/wp-json\/wp\/v2\/media?parent=569"}],"wp:term":[{"taxonomy":"category","embeddable":true,"href":"https:\/\/www.attianeseconserve.com\/it\/wp-json\/wp\/v2\/categories?post=569"},{"taxonomy":"post_tag","embeddable":true,"href":"https:\/\/www.attianeseconserve.com\/it\/wp-json\/wp\/v2\/tags?post=569"}],"curies":[{"name":"wp","href":"https:\/\/api.w.org\/{rel}","templated":true}]}}